{"id":12334,"date":"2026-03-12T10:03:40","date_gmt":"2026-03-12T09:03:40","guid":{"rendered":"https:\/\/gckchwalowice.pl\/?p=12334"},"modified":"2026-03-12T10:03:40","modified_gmt":"2026-03-12T09:03:40","slug":"biblioteka-publiczna-w-woli-rzeczyckiej-oglosila-gminny-konkurs-plastyczny-pt-maska-karnawalowa","status":"publish","type":"post","link":"https:\/\/gckchwalowice.pl\/?p=12334","title":{"rendered":"Biblioteka Publiczna w Woli Rzeczyckiej og\u0142osi\u0142a gminny konkurs plastyczny pt. \u201eMaska karnawa\u0142owa\u201d"},"content":{"rendered":"\n<p>W konkursie wzi\u0119\u0142o udzia\u0142 16 uczestnik\u00f3w, kt\u00f3rzy zaprezentowali swoje prace w dw\u00f3ch kategoriach wiekowych.<\/p>\n\n\n\n<p>Komisja konkursowa w sk\u0142adzie: Anna Rychel oraz Maria Banaczyk, przy pomocy W\u00f3jta Gminy Jana Pyrkosza, wy\u0142oni\u0142a zwyci\u0119skie prace.<\/p>\n\n\n\n<p>Kategoria I:<\/p>\n\n\n\n<p>I miejsce \u2013 Julia Sk\u00f3rczy\u0144ska<\/p>\n\n\n\n<p>II miejsce \u2013 Amelia Sioda<\/p>\n\n\n\n<p>III miejsce \u2013 Tymon Sk\u00f3rczy\u0144ski<\/p>\n\n\n\n<p>Kategoria II:<\/p>\n\n\n\n<p>I miejsce \u2013 Jagoda Idec<\/p>\n\n\n\n<p>II miejsce \u2013 Wiktoria Kozi\u0144ska<\/p>\n\n\n\n<p>III miejsce \u2013 Alicja G\u0105siorowska<\/p>\n\n\n\n<p>Wyr\u00f3\u017cnienia:<\/p>\n\n\n\n<p>Natalia Fr\u0105g oraz Alan \u015awi\u0105tek.<\/p>\n\n\n\n<p>Wszystkie prace mo\u017cna ogl\u0105da\u0107 w Urz\u0119dzie Gminy w Radomy\u015blu nad Sanem (hol).<\/p>\n\n\n\n<p><\/p>\n\n\n\n<figure class=\"wp-block-gallery has-nested-images columns-default is-cropped wp-block-gallery-1 is-layout-flex wp-block-gallery-is-layout-flex\">\n<figure class=\"wp-block-image size-large\"><img loading=\"lazy\" decoding=\"async\" width=\"576\" height=\"1024\" data-id=\"12335\" src=\"https:\/\/gckchwalowice.pl\/wp-content\/uploads\/2026\/03\/643312660_1359454665950163_576914208778431141_n-576x1024.jpg\" alt=\"\" class=\"wp-image-12335\" srcset=\"https:\/\/gckchwalowice.pl\/wp-content\/uploads\/2026\/03\/643312660_1359454665950163_576914208778431141_n-576x1024.jpg 576w, https:\/\/gckchwalowice.pl\/wp-content\/uploads\/2026\/03\/643312660_1359454665950163_576914208778431141_n-169x300.jpg 169w, https:\/\/gckchwalowice.pl\/wp-content\/uploads\/2026\/03\/643312660_1359454665950163_576914208778431141_n-768x1365.jpg 768w, https:\/\/gckchwalowice.pl\/wp-content\/uploads\/2026\/03\/643312660_1359454665950163_576914208778431141_n-864x1536.jpg 864w, https:\/\/gckchwalowice.pl\/wp-content\/uploads\/2026\/03\/643312660_1359454665950163_576914208778431141_n-1140x2027.jpg 1140w, https:\/\/gckchwalowice.pl\/wp-content\/uploads\/2026\/03\/643312660_1359454665950163_576914208778431141_n.jpg 1152w\" sizes=\"auto, (max-width: 576px) 100vw, 576px\" \/><\/figure>\n<\/figure>\n","protected":false},"excerpt":{"rendered":"<p>W konkursie wzi\u0119\u0142o udzia\u0142 16 uczestnik\u00f3w, kt\u00f3rzy zaprezentowali swoje prace w dw\u00f3ch kategoriach wiekowych. Komisja konkursowa w sk\u0142adzie: Anna Rychel oraz Maria Banaczyk, przy pomocy W\u00f3jta Gminy Jana Pyrkosza, wy\u0142oni\u0142a zwyci\u0119skie prace. Kategoria I: I miejsce \u2013 Julia Sk\u00f3rczy\u0144ska II miejsce \u2013 Amelia Sioda III miejsce \u2013 Tymon Sk\u00f3rczy\u0144ski Kategoria II: I miejsce \u2013 Jagoda Idec II miejsce \u2013 Wiktoria Kozi\u0144ska III miejsce \u2013 Alicja G\u0105siorowska Wyr\u00f3\u017cnienia: Natalia Fr\u0105g oraz Alan \u015awi\u0105tek. Wszystkie prace mo\u017cna ogl\u0105da\u0107 w Urz\u0119dzie Gminy w Radomy\u015blu nad Sanem (hol).<\/p>\n","protected":false},"author":1,"featured_media":12335,"comment_status":"open","ping_status":"open","sticky":false,"template":"","format":"standard","meta":{"footnotes":""},"categories":[5],"tags":[],"class_list":["post-12334","post","type-post","status-publish","format-standard","has-post-thumbnail","hentry","category-aktualnosci"],"_links":{"self":[{"href":"https:\/\/gckchwalowice.pl\/index.php?rest_route=\/wp\/v2\/posts\/12334","targetHints":{"allow":["GET"]}}],"collection":[{"href":"https:\/\/gckchwalowice.pl\/index.php?rest_route=\/wp\/v2\/posts"}],"about":[{"href":"https:\/\/gckchwalowice.pl\/index.php?rest_route=\/wp\/v2\/types\/post"}],"author":[{"embeddable":true,"href":"https:\/\/gckchwalowice.pl\/index.php?rest_route=\/wp\/v2\/users\/1"}],"replies":[{"embeddable":true,"href":"https:\/\/gckchwalowice.pl\/index.php?rest_route=%2Fwp%2Fv2%2Fcomments&post=12334"}],"version-history":[{"count":1,"href":"https:\/\/gckchwalowice.pl\/index.php?rest_route=\/wp\/v2\/posts\/12334\/revisions"}],"predecessor-version":[{"id":12336,"href":"https:\/\/gckchwalowice.pl\/index.php?rest_route=\/wp\/v2\/posts\/12334\/revisions\/12336"}],"wp:featuredmedia":[{"embeddable":true,"href":"https:\/\/gckchwalowice.pl\/index.php?rest_route=\/wp\/v2\/media\/12335"}],"wp:attachment":[{"href":"https:\/\/gckchwalowice.pl\/index.php?rest_route=%2Fwp%2Fv2%2Fmedia&parent=12334"}],"wp:term":[{"taxonomy":"category","embeddable":true,"href":"https:\/\/gckchwalowice.pl\/index.php?rest_route=%2Fwp%2Fv2%2Fcategories&post=12334"},{"taxonomy":"post_tag","embeddable":true,"href":"https:\/\/gckchwalowice.pl\/index.php?rest_route=%2Fwp%2Fv2%2Ftags&post=12334"}],"curies":[{"name":"wp","href":"https:\/\/api.w.org\/{rel}","templated":true}]}}